{"id":1317,"date":"2017-11-05T15:42:37","date_gmt":"2017-11-05T14:42:37","guid":{"rendered":"http:\/\/feuerwehr-drolshagen.de\/?p=1317"},"modified":"2017-11-05T15:53:54","modified_gmt":"2017-11-05T14:53:54","slug":"fahrzeugsegnung-von-lfkats-und-rw","status":"publish","type":"post","link":"https:\/\/feuerwehr-drolshagen.de\/?p=1317","title":{"rendered":"Fahrzeugsegnung von LFKatS und RW"},"content":{"rendered":"<p><span style=\"color: #808080;\">05.11.2017<\/span> Gleich zwei Fahrzeuge wurden heute von Pfarrer Markus Leber\u00a0 auf dem Marktplatz in Drolshagen gesegnet. Im Mittelpunkt standen der im letzten Jahr beschaffte &#8222;R\u00fcstwagen&#8220; und das in diesem Jahr eingetroffene L\u00f6schfahrzeug &#8222;LFKatS&#8220;. B\u00fcrgermeister Uli Berghoff \u00fcberreichte symbolisch die Fahrzeugschl\u00fcssel an den Leiter der Feuerwehr Armin Fahrenkrog.<!--more--><\/p>\n<p>Im Juli diesen Jahres wurde das mittlerweile 31 Jahre alte Tankl\u00f6schfahrzeug TLF16\/25 durch das L\u00f6schfahrzeug\u00a0 &#8222;LFKatS&#8220; ersetzt. Der Einsatzschwerpunkt dieses Autos liegt insbesondere im L\u00f6schwassertransport \u00fcber l\u00e4ngere Wegstrecken, aber auch in der Beseitigung von Unwettersch\u00e4den.<\/p>\n<p>Der Vorg\u00e4nger des heute gesegneten R\u00fcstwagens wies im Vorjahr mehrere gr\u00f6\u00dfere Sch\u00e4den auf, wobei eine Reparatur des 20 Jahre alten Fahrzeugs nicht mehr wirtschaftlich war. Da das Fahrzeug insbesondere bei Verkehrsunf\u00e4llen jedoch dringend ben\u00f6tigt wird und gleichzeitig begrenzte Mittel zur Verf\u00fcgung standen, war man froh kurzfristig einen gebrauchten aber gut erhaltenen, 12 Jahre alter R\u00fcstwagen aus der N\u00e4he von Hamburg kaufen zu k\u00f6nnen.<\/p>\n<div id=\"metaslider-id-1321\" style=\"max-width: 900px;\" class=\"ml-slider-3-108-0 metaslider metaslider-flex metaslider-1321 ml-slider has-dots-nav ms-theme-default\" role=\"region\" aria-label=\"2017-11-05_Fahrzeugsegnung\" data-height=\"600\" data-width=\"900\">\n    <div id=\"metaslider_container_1321\">\n        <div id=\"metaslider_1321\">\n            <ul class='slides'>\n                <li style=\"display: block; width: 100%;\" class=\"slide-1322 ms-image \" aria-roledescription=\"slide\" data-date=\"2017-11-05 15:41:51\" data-filename=\"2017-11-05_Fahrzeugsegnung_2i-700x466.jpg\" data-slide-type=\"image\"><img loading=\"lazy\" decoding=\"async\" src=\"https:\/\/feuerwehr-drolshagen.de\/wp-content\/uploads\/2017\/11\/2017-11-05_Fahrzeugsegnung_2i-700x466.jpg\" height=\"600\" width=\"900\" alt=\"\" class=\"slider-1321 slide-1322 msDefaultImage\" \/><\/li>\n                <li style=\"display: none; width: 100%;\" class=\"slide-1323 ms-image \" aria-roledescription=\"slide\" data-date=\"2017-11-05 15:41:51\" data-filename=\"2017-11-05_Fahrzeugsegnung_1i-900x600.jpg\" data-slide-type=\"image\"><img loading=\"lazy\" decoding=\"async\" src=\"https:\/\/feuerwehr-drolshagen.de\/wp-content\/uploads\/2017\/11\/2017-11-05_Fahrzeugsegnung_1i-900x600.jpg\" height=\"600\" width=\"900\" alt=\"\" class=\"slider-1321 slide-1323 msDefaultImage\" \/><\/li>\n            <\/ul>\n        <\/div>\n        \n    <\/div>\n<\/div>\n","protected":false},"excerpt":{"rendered":"<p>05.11.2017 Gleich zwei Fahrzeuge wurden heute von Pfarrer Markus Leber\u00a0 auf dem Marktplatz in Drolshagen gesegnet. Im Mittelpunkt standen der im letzten Jahr beschaffte &#8222;R\u00fcstwagen&#8220; und das in diesem Jahr eingetroffene L\u00f6schfahrzeug &#8222;LFKatS&#8220;. B\u00fcrgermeister Uli Berghoff \u00fcberreichte symbolisch die Fahrzeugschl\u00fcssel an den Leiter der Feuerwehr Armin Fahrenkrog.<\/p>\n","protected":false},"author":1,"featured_media":1318,"comment_status":"closed","ping_status":"closed","sticky":false,"template":"","format":"standard","meta":{"footnotes":""},"categories":[26],"tags":[],"class_list":["post-1317","post","type-post","status-publish","format-standard","has-post-thumbnail","hentry","category-aktuelles"],"_links":{"self":[{"href":"https:\/\/feuerwehr-drolshagen.de\/index.php?rest_route=\/wp\/v2\/posts\/1317","targetHints":{"allow":["GET"]}}],"collection":[{"href":"https:\/\/feuerwehr-drolshagen.de\/index.php?rest_route=\/wp\/v2\/posts"}],"about":[{"href":"https:\/\/feuerwehr-drolshagen.de\/index.php?rest_route=\/wp\/v2\/types\/post"}],"author":[{"embeddable":true,"href":"https:\/\/feuerwehr-drolshagen.de\/index.php?rest_route=\/wp\/v2\/users\/1"}],"replies":[{"embeddable":true,"href":"https:\/\/feuerwehr-drolshagen.de\/index.php?rest_route=%2Fwp%2Fv2%2Fcomments&post=1317"}],"version-history":[{"count":6,"href":"https:\/\/feuerwehr-drolshagen.de\/index.php?rest_route=\/wp\/v2\/posts\/1317\/revisions"}],"predecessor-version":[{"id":1328,"href":"https:\/\/feuerwehr-drolshagen.de\/index.php?rest_route=\/wp\/v2\/posts\/1317\/revisions\/1328"}],"wp:featuredmedia":[{"embeddable":true,"href":"https:\/\/feuerwehr-drolshagen.de\/index.php?rest_route=\/wp\/v2\/media\/1318"}],"wp:attachment":[{"href":"https:\/\/feuerwehr-drolshagen.de\/index.php?rest_route=%2Fwp%2Fv2%2Fmedia&parent=1317"}],"wp:term":[{"taxonomy":"category","embeddable":true,"href":"https:\/\/feuerwehr-drolshagen.de\/index.php?rest_route=%2Fwp%2Fv2%2Fcategories&post=1317"},{"taxonomy":"post_tag","embeddable":true,"href":"https:\/\/feuerwehr-drolshagen.de\/index.php?rest_route=%2Fwp%2Fv2%2Ftags&post=1317"}],"curies":[{"name":"wp","href":"https:\/\/api.w.org\/{rel}","templated":true}]}}