{"id":2177,"date":"2018-11-26T20:45:26","date_gmt":"2018-11-26T19:45:26","guid":{"rendered":"http:\/\/feuerwehr-drolshagen.de\/?p=2177"},"modified":"2018-11-26T20:45:26","modified_gmt":"2018-11-26T19:45:26","slug":"feuerwehr-drolshagen-probt-ernstfall-in-muenster","status":"publish","type":"post","link":"https:\/\/feuerwehr-drolshagen.de\/?p=2177","title":{"rendered":"Feuerwehr Drolshagen probt Ernstfall in M\u00fcnster"},"content":{"rendered":"<p><span style=\"color: #808080;\">26.11.2018<\/span> Rund 20 Mitglieder der L\u00f6schz\u00fcge aus Drolshagen und Iseringhausen nahmen am vergangenen Wochenende an \u00dcbungen am Institut der Feuerwehr in M\u00fcnster teil.<\/p>\n<p>Auf dem \u00dcbungsgel\u00e4nde der Einrichtung des Landes Nordrhein-Westfalen probten die Feuerwehrleute zwei Tage lang intensiv die Hilfe im Notfall. Jens Gipperich und Armin Fahrenkrog von der Drolshagener Feuerwehr hatten viele unterschiedliche Szenarien ausgearbeitet. Auf dem \u00dcbungsprogramm standen neben dem L\u00f6schen von Br\u00e4nden auch die Hilfeleistung bei Verkehrsunf\u00e4llen, bei Gefahrgutunf\u00e4llen und die Rettung von Personen aus Gruben und Sch\u00e4chten.<!--more--><\/p>\n<p>Auch der Leiter der Drolshagener Feuerwehr, Dirk Nebeling, war vor Ort. \u201eDas \u00dcbungsgel\u00e4nde bietet uns die M\u00f6glichkeit einer sehr intensiven Einsatzvorbereitung. Ich freue mich, dass so viele unserer Mitglieder trotz der gestiegenen Einsatzzahlen bereit waren, ihr gesamtes Wochenende f\u00fcr die Feuerwehr zu reservieren.\u201c<\/p>\n<div id=\"metaslider-id-2179\" style=\"max-width: 720px;\" class=\"ml-slider-3-108-0 metaslider metaslider-flex metaslider-2179 ml-slider has-dots-nav ms-theme-default\" role=\"region\" aria-label=\"2018-11-25_IDF-Uebung\" data-height=\"550\" data-width=\"720\">\n    <div id=\"metaslider_container_2179\">\n        <div id=\"metaslider_2179\">\n            <ul class='slides'>\n                <li style=\"display: block; width: 100%;\" class=\"slide-2196 ms-image \" aria-roledescription=\"slide\" data-date=\"2018-11-26 20:41:56\" data-filename=\"2018-11-25_IDF_1-720x550.jpg\" data-slide-type=\"image\"><img loading=\"lazy\" decoding=\"async\" src=\"https:\/\/feuerwehr-drolshagen.de\/wp-content\/uploads\/2018\/11\/2018-11-25_IDF_1-720x550.jpg\" height=\"550\" width=\"720\" alt=\"\" class=\"slider-2179 slide-2196 msDefaultImage\" title=\"2018-11-25_IDF_1\" \/><\/li>\n                <li style=\"display: none; width: 100%;\" class=\"slide-2194 ms-image \" aria-roledescription=\"slide\" data-date=\"2018-11-26 20:41:56\" data-filename=\"2018-11-25_IDF_3-675x515.jpeg\" data-slide-type=\"image\"><img loading=\"lazy\" decoding=\"async\" src=\"https:\/\/feuerwehr-drolshagen.de\/wp-content\/uploads\/2018\/11\/2018-11-25_IDF_3-675x515.jpeg\" height=\"550\" width=\"720\" alt=\"\" class=\"slider-2179 slide-2194 msDefaultImage\" title=\"2018-11-25_IDF_3\" \/><\/li>\n                <li style=\"display: none; width: 100%;\" class=\"slide-2195 ms-image \" aria-roledescription=\"slide\" data-date=\"2018-11-26 20:41:56\" data-filename=\"2018-11-25_IDF_2-675x515.jpg\" data-slide-type=\"image\"><img loading=\"lazy\" decoding=\"async\" src=\"https:\/\/feuerwehr-drolshagen.de\/wp-content\/uploads\/2018\/11\/2018-11-25_IDF_2-675x515.jpg\" height=\"550\" width=\"720\" alt=\"\" class=\"slider-2179 slide-2195 msDefaultImage\" title=\"2018-11-25_IDF_2\" \/><\/li>\n                <li style=\"display: none; width: 100%;\" class=\"slide-2197 ms-image \" aria-roledescription=\"slide\" data-date=\"2018-11-26 20:41:56\" data-filename=\"image2-720x550.jpeg\" data-slide-type=\"image\"><img loading=\"lazy\" decoding=\"async\" src=\"https:\/\/feuerwehr-drolshagen.de\/wp-content\/uploads\/2018\/11\/image2-720x550.jpeg\" height=\"550\" width=\"720\" alt=\"\" class=\"slider-2179 slide-2197 msDefaultImage\" title=\"image2\" \/><\/li>\n            <\/ul>\n        <\/div>\n        \n    <\/div>\n<\/div>\n","protected":false},"excerpt":{"rendered":"<p>26.11.2018 Rund 20 Mitglieder der L\u00f6schz\u00fcge aus Drolshagen und Iseringhausen nahmen am vergangenen Wochenende an \u00dcbungen am Institut der Feuerwehr in M\u00fcnster teil. Auf dem \u00dcbungsgel\u00e4nde der Einrichtung des Landes Nordrhein-Westfalen probten die Feuerwehrleute zwei Tage lang intensiv die Hilfe im Notfall. Jens Gipperich und Armin Fahrenkrog von der Drolshagener Feuerwehr hatten viele unterschiedliche Szenarien [&hellip;]<\/p>\n","protected":false},"author":1,"featured_media":2186,"comment_status":"closed","ping_status":"closed","sticky":false,"template":"","format":"standard","meta":{"footnotes":""},"categories":[26],"tags":[],"class_list":["post-2177","post","type-post","status-publish","format-standard","has-post-thumbnail","hentry","category-aktuelles"],"_links":{"self":[{"href":"https:\/\/feuerwehr-drolshagen.de\/index.php?rest_route=\/wp\/v2\/posts\/2177","targetHints":{"allow":["GET"]}}],"collection":[{"href":"https:\/\/feuerwehr-drolshagen.de\/index.php?rest_route=\/wp\/v2\/posts"}],"about":[{"href":"https:\/\/feuerwehr-drolshagen.de\/index.php?rest_route=\/wp\/v2\/types\/post"}],"author":[{"embeddable":true,"href":"https:\/\/feuerwehr-drolshagen.de\/index.php?rest_route=\/wp\/v2\/users\/1"}],"replies":[{"embeddable":true,"href":"https:\/\/feuerwehr-drolshagen.de\/index.php?rest_route=%2Fwp%2Fv2%2Fcomments&post=2177"}],"version-history":[{"count":2,"href":"https:\/\/feuerwehr-drolshagen.de\/index.php?rest_route=\/wp\/v2\/posts\/2177\/revisions"}],"predecessor-version":[{"id":2198,"href":"https:\/\/feuerwehr-drolshagen.de\/index.php?rest_route=\/wp\/v2\/posts\/2177\/revisions\/2198"}],"wp:featuredmedia":[{"embeddable":true,"href":"https:\/\/feuerwehr-drolshagen.de\/index.php?rest_route=\/wp\/v2\/media\/2186"}],"wp:attachment":[{"href":"https:\/\/feuerwehr-drolshagen.de\/index.php?rest_route=%2Fwp%2Fv2%2Fmedia&parent=2177"}],"wp:term":[{"taxonomy":"category","embeddable":true,"href":"https:\/\/feuerwehr-drolshagen.de\/index.php?rest_route=%2Fwp%2Fv2%2Fcategories&post=2177"},{"taxonomy":"post_tag","embeddable":true,"href":"https:\/\/feuerwehr-drolshagen.de\/index.php?rest_route=%2Fwp%2Fv2%2Ftags&post=2177"}],"curies":[{"name":"wp","href":"https:\/\/api.w.org\/{rel}","templated":true}]}}